{"id":744,"date":"2020-10-17T00:04:01","date_gmt":"2020-10-16T22:04:01","guid":{"rendered":"http:\/\/serqueux52.fr\/?p=744"},"modified":"2020-12-19T10:37:06","modified_gmt":"2020-12-19T09:37:06","slug":"horaire-dhiver-de-la-decheterie","status":"publish","type":"post","link":"https:\/\/serqueux52.fr\/?p=744","title":{"rendered":"Horaire d&rsquo;hiver de la d\u00e9ch\u00e8terie"},"content":{"rendered":"\n<p>Toutes les d\u00e9chetteries du r\u00e9seau d\u00e9partemental de la Haute-Marne passent aux horaires d\u2019hiver \u00e0 compter du 2 novembre 2020, jusqu\u2019au 31 mars 2021. Vous trouverez en pi\u00e8ce jointe un visuel d\u00e9di\u00e9 \u00e0 cette information.<\/p>\n\n\n\n<p>Les horaires en vigueur restent consultables sur&nbsp;<a href=\"http:\/\/www.sded52.fr\/\" target=\"_blank\" rel=\"noreferrer noopener\">www.sded52.fr<\/a>.<\/p>\n\n\n\n<p><strong>Veuillez noter par ailleurs que le port du masque en d\u00e9chetterie est d\u00e9sormais obligatoire.<\/strong><\/p>\n\n\n\n<div class=\"wp-block-file\"><a href=\"https:\/\/serqueux52.fr\/wp-content\/uploads\/2020\/10\/Info_dechetterie_hiver.jpg\">Info_dechetterie_hiver<\/a><a href=\"https:\/\/serqueux52.fr\/wp-content\/uploads\/2020\/10\/Info_dechetterie_hiver.jpg\" class=\"wp-block-file__button\" download>T\u00e9l\u00e9charger<\/a><\/div>\n\n\n\n<figure class=\"wp-block-image size-large\"><img loading=\"lazy\" decoding=\"async\" width=\"704\" height=\"1024\" src=\"https:\/\/serqueux52.fr\/wp-content\/uploads\/2020\/10\/Info_dechetterie_hiver-704x1024.jpg\" alt=\"\" class=\"wp-image-749\" srcset=\"https:\/\/serqueux52.fr\/wp-content\/uploads\/2020\/10\/Info_dechetterie_hiver-704x1024.jpg 704w, https:\/\/serqueux52.fr\/wp-content\/uploads\/2020\/10\/Info_dechetterie_hiver-206x300.jpg 206w, https:\/\/serqueux52.fr\/wp-content\/uploads\/2020\/10\/Info_dechetterie_hiver-768x1116.jpg 768w, https:\/\/serqueux52.fr\/wp-content\/uploads\/2020\/10\/Info_dechetterie_hiver-1057x1536.jpg 1057w, https:\/\/serqueux52.fr\/wp-content\/uploads\/2020\/10\/Info_dechetterie_hiver-1409x2048.jpg 1409w, https:\/\/serqueux52.fr\/wp-content\/uploads\/2020\/10\/Info_dechetterie_hiver.jpg 1706w\" sizes=\"auto, (max-width: 704px) 100vw, 704px\" \/><\/figure>\n\n\n\n<p><\/p>\n","protected":false},"excerpt":{"rendered":"<p>Toutes les d\u00e9chetteries du r\u00e9seau d\u00e9partemental de la Haute-Marne passent aux horaires d\u2019hiver \u00e0 compter du 2 novembre 2020, jusqu\u2019au 31 mars 2021. Vous trouverez en pi\u00e8ce jointe un visuel d\u00e9di\u00e9 \u00e0 cette information.&#46;&#46;&#46;<\/p>\n","protected":false},"author":3,"featured_media":748,"comment_status":"open","ping_status":"open","sticky":false,"template":"","format":"standard","meta":{"footnotes":""},"categories":[8,17,10],"tags":[],"class_list":["post-744","post","type-post","status-publish","format-standard","has-post-thumbnail","hentry","category-actu","category-actua02","category-dechets"],"publishpress_future_action":{"enabled":false,"date":"2026-05-05 19:02:15","action":"change-status","newStatus":"draft","terms":[],"taxonomy":"category","extraData":[]},"publishpress_future_workflow_manual_trigger":{"enabledWorkflows":[]},"_links":{"self":[{"href":"https:\/\/serqueux52.fr\/index.php?rest_route=\/wp\/v2\/posts\/744","targetHints":{"allow":["GET"]}}],"collection":[{"href":"https:\/\/serqueux52.fr\/index.php?rest_route=\/wp\/v2\/posts"}],"about":[{"href":"https:\/\/serqueux52.fr\/index.php?rest_route=\/wp\/v2\/types\/post"}],"author":[{"embeddable":true,"href":"https:\/\/serqueux52.fr\/index.php?rest_route=\/wp\/v2\/users\/3"}],"replies":[{"embeddable":true,"href":"https:\/\/serqueux52.fr\/index.php?rest_route=%2Fwp%2Fv2%2Fcomments&post=744"}],"version-history":[{"count":2,"href":"https:\/\/serqueux52.fr\/index.php?rest_route=\/wp\/v2\/posts\/744\/revisions"}],"predecessor-version":[{"id":750,"href":"https:\/\/serqueux52.fr\/index.php?rest_route=\/wp\/v2\/posts\/744\/revisions\/750"}],"wp:featuredmedia":[{"embeddable":true,"href":"https:\/\/serqueux52.fr\/index.php?rest_route=\/wp\/v2\/media\/748"}],"wp:attachment":[{"href":"https:\/\/serqueux52.fr\/index.php?rest_route=%2Fwp%2Fv2%2Fmedia&parent=744"}],"wp:term":[{"taxonomy":"category","embeddable":true,"href":"https:\/\/serqueux52.fr\/index.php?rest_route=%2Fwp%2Fv2%2Fcategories&post=744"},{"taxonomy":"post_tag","embeddable":true,"href":"https:\/\/serqueux52.fr\/index.php?rest_route=%2Fwp%2Fv2%2Ftags&post=744"}],"curies":[{"name":"wp","href":"https:\/\/api.w.org\/{rel}","templated":true}]}}