{"id":2281,"date":"2024-07-29T15:39:28","date_gmt":"2024-07-29T13:39:28","guid":{"rendered":"http:\/\/serqueux52.fr\/?p=2281"},"modified":"2024-07-29T15:39:29","modified_gmt":"2024-07-29T13:39:29","slug":"visite-guidee-de-leglise-bancs-classes-et-gue-lavoir","status":"publish","type":"post","link":"https:\/\/serqueux52.fr\/?p=2281","title":{"rendered":"Visite guid\u00e9e de l&rsquo;\u00e9glise, bancs class\u00e9s et gu\u00e9-lavoir"},"content":{"rendered":"\n<p>Mardi 23 juillet une quinzaine de personnes \u00e9taient pr\u00e9sentes pour \u00e9couter et suivre Yvon Rigolot, guide d&rsquo;un jour,  qui a retrac\u00e9 l&rsquo;historique de l&rsquo;\u00e9glise, des bancs class\u00e9s et du gu\u00e9-lavoir au travers d&rsquo;une visite d&rsquo;environ 1 h 30. A l&rsquo;issue tous les participants ont \u00e9t\u00e9 convi\u00e9s dans la cour de l&rsquo;\u00e9cole pour partager le verre de l&rsquo;amiti\u00e9 offert par la municipalit\u00e9.<\/p>\n\n\n\n<figure class=\"wp-block-image size-large is-resized\"><img loading=\"lazy\" decoding=\"async\" width=\"1024\" height=\"768\" src=\"https:\/\/serqueux52.fr\/wp-content\/uploads\/2024\/07\/devant-eglise-1-1024x768.jpg\" alt=\"\" class=\"wp-image-2282\" style=\"width:668px;height:auto\" srcset=\"https:\/\/serqueux52.fr\/wp-content\/uploads\/2024\/07\/devant-eglise-1-1024x768.jpg 1024w, https:\/\/serqueux52.fr\/wp-content\/uploads\/2024\/07\/devant-eglise-1-300x225.jpg 300w, https:\/\/serqueux52.fr\/wp-content\/uploads\/2024\/07\/devant-eglise-1-768x576.jpg 768w, https:\/\/serqueux52.fr\/wp-content\/uploads\/2024\/07\/devant-eglise-1-1536x1152.jpg 1536w, https:\/\/serqueux52.fr\/wp-content\/uploads\/2024\/07\/devant-eglise-1-2048x1536.jpg 2048w\" sizes=\"auto, (max-width: 1024px) 100vw, 1024px\" \/><figcaption class=\"wp-element-caption\">Les participants ont notamment appris que l&rsquo;\u00e9glise appartenait jusqu&rsquo;en 1801 \u00e0 l&rsquo;\u00e9v\u00each\u00e9 de Besan\u00e7on, puis est pass\u00e9e au dioc\u00e8se de Dijon puis \u00e0 l&rsquo;\u00e9v\u00each\u00e9 de Langres.<\/figcaption><\/figure>\n\n\n\n<div class=\"wp-block-columns is-layout-flex wp-container-core-columns-is-layout-9d6595d7 wp-block-columns-is-layout-flex\">\n<div class=\"wp-block-column is-layout-flow wp-block-column-is-layout-flow\">\n<figure class=\"wp-block-image size-large\"><img loading=\"lazy\" decoding=\"async\" width=\"1024\" height=\"768\" src=\"https:\/\/serqueux52.fr\/wp-content\/uploads\/2024\/07\/eglise-1-1024x768.jpg\" alt=\"\" class=\"wp-image-2284\" srcset=\"https:\/\/serqueux52.fr\/wp-content\/uploads\/2024\/07\/eglise-1-1024x768.jpg 1024w, https:\/\/serqueux52.fr\/wp-content\/uploads\/2024\/07\/eglise-1-300x225.jpg 300w, https:\/\/serqueux52.fr\/wp-content\/uploads\/2024\/07\/eglise-1-768x576.jpg 768w, https:\/\/serqueux52.fr\/wp-content\/uploads\/2024\/07\/eglise-1-1536x1152.jpg 1536w, https:\/\/serqueux52.fr\/wp-content\/uploads\/2024\/07\/eglise-1-2048x1536.jpg 2048w\" sizes=\"auto, (max-width: 1024px) 100vw, 1024px\" \/><figcaption class=\"wp-element-caption\">Le coffre sur le pilier contenait autrefois les documents attestant de la pleine possession  des bois de Aigremont et Larivi\u00e8re \u00e0 Serqueux<\/figcaption><\/figure>\n<\/div>\n\n\n\n<div class=\"wp-block-column is-layout-flow wp-block-column-is-layout-flow\">\n<figure class=\"wp-block-image size-large\"><img loading=\"lazy\" decoding=\"async\" width=\"1024\" height=\"768\" src=\"https:\/\/serqueux52.fr\/wp-content\/uploads\/2024\/07\/eglise-1024x768.jpg\" alt=\"\" class=\"wp-image-2285\" srcset=\"https:\/\/serqueux52.fr\/wp-content\/uploads\/2024\/07\/eglise-1024x768.jpg 1024w, https:\/\/serqueux52.fr\/wp-content\/uploads\/2024\/07\/eglise-300x225.jpg 300w, https:\/\/serqueux52.fr\/wp-content\/uploads\/2024\/07\/eglise-768x576.jpg 768w, https:\/\/serqueux52.fr\/wp-content\/uploads\/2024\/07\/eglise-1536x1152.jpg 1536w, https:\/\/serqueux52.fr\/wp-content\/uploads\/2024\/07\/eglise-2048x1536.jpg 2048w\" sizes=\"auto, (max-width: 1024px) 100vw, 1024px\" \/><figcaption class=\"wp-element-caption\">Les vitraux contemporains et uniques ont fait l&rsquo;unanimit\u00e9 aupr\u00e8s des visiteurs<\/figcaption><\/figure>\n<\/div>\n\n\n\n<div class=\"wp-block-column is-layout-flow wp-block-column-is-layout-flow\">\n<figure class=\"wp-block-image size-large\"><img loading=\"lazy\" decoding=\"async\" width=\"1024\" height=\"768\" src=\"https:\/\/serqueux52.fr\/wp-content\/uploads\/2024\/07\/verre-amitie-1-1-1024x768.jpg\" alt=\"\" class=\"wp-image-2286\" srcset=\"https:\/\/serqueux52.fr\/wp-content\/uploads\/2024\/07\/verre-amitie-1-1-1024x768.jpg 1024w, https:\/\/serqueux52.fr\/wp-content\/uploads\/2024\/07\/verre-amitie-1-1-300x225.jpg 300w, https:\/\/serqueux52.fr\/wp-content\/uploads\/2024\/07\/verre-amitie-1-1-768x576.jpg 768w, https:\/\/serqueux52.fr\/wp-content\/uploads\/2024\/07\/verre-amitie-1-1-1536x1152.jpg 1536w, https:\/\/serqueux52.fr\/wp-content\/uploads\/2024\/07\/verre-amitie-1-1-2048x1536.jpg 2048w\" sizes=\"auto, (max-width: 1024px) 100vw, 1024px\" \/><figcaption class=\"wp-element-caption\">Le pot de l&rsquo;amiti\u00e9 a cl\u00f4tur\u00e9 cette visite culturelle tr\u00e8s enrichissante<\/figcaption><\/figure>\n<\/div>\n<\/div>\n","protected":false},"excerpt":{"rendered":"<p>Mardi 23 juillet une quinzaine de personnes \u00e9taient pr\u00e9sentes pour \u00e9couter et suivre Yvon Rigolot, guide d&rsquo;un jour, qui a retrac\u00e9 l&rsquo;historique de l&rsquo;\u00e9glise, des bancs class\u00e9s et du gu\u00e9-lavoir au travers d&rsquo;une visite&#46;&#46;&#46;<\/p>\n","protected":false},"author":3,"featured_media":2287,"comment_status":"open","ping_status":"open","sticky":false,"template":"","format":"standard","meta":{"footnotes":""},"categories":[20,12,15],"tags":[],"class_list":["post-2281","post","type-post","status-publish","format-standard","has-post-thumbnail","hentry","category-actua01","category-actu3","category-fetes-et-manifestations"],"publishpress_future_action":{"enabled":false,"date":"2026-05-03 13:30:26","action":"change-status","newStatus":"draft","terms":[],"taxonomy":"category","extraData":[]},"publishpress_future_workflow_manual_trigger":{"enabledWorkflows":[]},"_links":{"self":[{"href":"https:\/\/serqueux52.fr\/index.php?rest_route=\/wp\/v2\/posts\/2281","targetHints":{"allow":["GET"]}}],"collection":[{"href":"https:\/\/serqueux52.fr\/index.php?rest_route=\/wp\/v2\/posts"}],"about":[{"href":"https:\/\/serqueux52.fr\/index.php?rest_route=\/wp\/v2\/types\/post"}],"author":[{"embeddable":true,"href":"https:\/\/serqueux52.fr\/index.php?rest_route=\/wp\/v2\/users\/3"}],"replies":[{"embeddable":true,"href":"https:\/\/serqueux52.fr\/index.php?rest_route=%2Fwp%2Fv2%2Fcomments&post=2281"}],"version-history":[{"count":1,"href":"https:\/\/serqueux52.fr\/index.php?rest_route=\/wp\/v2\/posts\/2281\/revisions"}],"predecessor-version":[{"id":2288,"href":"https:\/\/serqueux52.fr\/index.php?rest_route=\/wp\/v2\/posts\/2281\/revisions\/2288"}],"wp:featuredmedia":[{"embeddable":true,"href":"https:\/\/serqueux52.fr\/index.php?rest_route=\/wp\/v2\/media\/2287"}],"wp:attachment":[{"href":"https:\/\/serqueux52.fr\/index.php?rest_route=%2Fwp%2Fv2%2Fmedia&parent=2281"}],"wp:term":[{"taxonomy":"category","embeddable":true,"href":"https:\/\/serqueux52.fr\/index.php?rest_route=%2Fwp%2Fv2%2Fcategories&post=2281"},{"taxonomy":"post_tag","embeddable":true,"href":"https:\/\/serqueux52.fr\/index.php?rest_route=%2Fwp%2Fv2%2Ftags&post=2281"}],"curies":[{"name":"wp","href":"https:\/\/api.w.org\/{rel}","templated":true}]}}