{"id":1921,"date":"2023-09-11T16:10:54","date_gmt":"2023-09-11T14:10:54","guid":{"rendered":"http:\/\/serqueux52.fr\/?p=1921"},"modified":"2023-09-11T16:13:55","modified_gmt":"2023-09-11T14:13:55","slug":"journee-entretien-du-patrimoine-communal-5","status":"publish","type":"post","link":"https:\/\/serqueux52.fr\/?p=1921","title":{"rendered":"Journ\u00e9e \u00ab\u00a0Entretien du patrimoine communal\u00a0\u00bb"},"content":{"rendered":"\n<p>La journ\u00e9e \u00ab\u00a0Entretien du patrimoine communal\u00a0\u00bb se d\u00e9roulera le samedi 16 septembre \u00e0 partir de 8 h. Rendez-vous dans l&rsquo;ancienne classe de maternelle o\u00f9 le maire offrira le caf\u00e9 avant la r\u00e9partition des t\u00e2ches. Divers travaux sont pr\u00e9vus. Collation offerte \u00e0 midi aux participants. Les personnes int\u00e9ress\u00e9es peuvent se faire conna\u00eetre en mairie.<\/p>\n","protected":false},"excerpt":{"rendered":"<p>La journ\u00e9e \u00ab\u00a0Entretien du patrimoine communal\u00a0\u00bb se d\u00e9roulera le samedi 16 septembre \u00e0 partir de 8 h. Rendez-vous dans l&rsquo;ancienne classe de maternelle o\u00f9 le maire offrira le caf\u00e9 avant la r\u00e9partition des t\u00e2ches.&#46;&#46;&#46;<\/p>\n","protected":false},"author":3,"featured_media":1709,"comment_status":"open","ping_status":"open","sticky":false,"template":"","format":"standard","meta":{"footnotes":""},"categories":[20,12,15],"tags":[],"class_list":["post-1921","post","type-post","status-publish","format-standard","has-post-thumbnail","hentry","category-actua01","category-actu3","category-fetes-et-manifestations"],"publishpress_future_action":{"enabled":false,"date":"2026-05-06 23:31:06","action":"change-status","newStatus":"draft","terms":[],"taxonomy":"category","extraData":[]},"publishpress_future_workflow_manual_trigger":{"enabledWorkflows":[]},"_links":{"self":[{"href":"https:\/\/serqueux52.fr\/index.php?rest_route=\/wp\/v2\/posts\/1921","targetHints":{"allow":["GET"]}}],"collection":[{"href":"https:\/\/serqueux52.fr\/index.php?rest_route=\/wp\/v2\/posts"}],"about":[{"href":"https:\/\/serqueux52.fr\/index.php?rest_route=\/wp\/v2\/types\/post"}],"author":[{"embeddable":true,"href":"https:\/\/serqueux52.fr\/index.php?rest_route=\/wp\/v2\/users\/3"}],"replies":[{"embeddable":true,"href":"https:\/\/serqueux52.fr\/index.php?rest_route=%2Fwp%2Fv2%2Fcomments&post=1921"}],"version-history":[{"count":1,"href":"https:\/\/serqueux52.fr\/index.php?rest_route=\/wp\/v2\/posts\/1921\/revisions"}],"predecessor-version":[{"id":1922,"href":"https:\/\/serqueux52.fr\/index.php?rest_route=\/wp\/v2\/posts\/1921\/revisions\/1922"}],"wp:featuredmedia":[{"embeddable":true,"href":"https:\/\/serqueux52.fr\/index.php?rest_route=\/wp\/v2\/media\/1709"}],"wp:attachment":[{"href":"https:\/\/serqueux52.fr\/index.php?rest_route=%2Fwp%2Fv2%2Fmedia&parent=1921"}],"wp:term":[{"taxonomy":"category","embeddable":true,"href":"https:\/\/serqueux52.fr\/index.php?rest_route=%2Fwp%2Fv2%2Fcategories&post=1921"},{"taxonomy":"post_tag","embeddable":true,"href":"https:\/\/serqueux52.fr\/index.php?rest_route=%2Fwp%2Fv2%2Ftags&post=1921"}],"curies":[{"name":"wp","href":"https:\/\/api.w.org\/{rel}","templated":true}]}}