{"id":1545,"date":"2022-12-02T17:24:45","date_gmt":"2022-12-02T16:24:45","guid":{"rendered":"http:\/\/serqueux52.fr\/?p=1545"},"modified":"2022-12-02T17:26:11","modified_gmt":"2022-12-02T16:26:11","slug":"le-doyen-du-village-fete-ses-100-ans","status":"publish","type":"post","link":"https:\/\/serqueux52.fr\/?p=1545","title":{"rendered":"Le doyen du village f\u00eate ses 100 ans"},"content":{"rendered":"\n<p>C&rsquo;est entour\u00e9 de sa famille, de ses amis, de la directrice et du personnel soignant et d&rsquo;animation, des r\u00e9sidents du service SMTI de l&rsquo;h\u00f4pital de Bourbonne-les-Bains, du maire de Serqueux et de son adjointe que L\u00e9on Collin a f\u00eat\u00e9 ses 100 ans le lundi 21 novembre. La r\u00e9ception organis\u00e9e en son honneur a \u00e9t\u00e9 un grand bonheur pour lui mais empreinte aussi de beaucoup d&rsquo;\u00e9motion. A cent ans, le doyen a gard\u00e9 toute sa m\u00e9moire et son humour pour raconter des pans de sa longue vie \u00e0 l&rsquo;assembl\u00e9e. Et c&rsquo;est autour du g\u00e2teau d&rsquo;anniversaire et d&rsquo;une coupe de champagne que s&rsquo;est poursuivie la joyeuse f\u00eate.<\/p>\n\n\n\n<p><\/p>\n\n\n\n<figure class=\"wp-block-image size-large\"><img loading=\"lazy\" decoding=\"async\" width=\"1024\" height=\"473\" src=\"https:\/\/serqueux52.fr\/wp-content\/uploads\/2022\/12\/20221121_150923-1024x473.jpg\" alt=\"\" class=\"wp-image-1548\" srcset=\"https:\/\/serqueux52.fr\/wp-content\/uploads\/2022\/12\/20221121_150923-1024x473.jpg 1024w, https:\/\/serqueux52.fr\/wp-content\/uploads\/2022\/12\/20221121_150923-300x139.jpg 300w, https:\/\/serqueux52.fr\/wp-content\/uploads\/2022\/12\/20221121_150923-768x355.jpg 768w, https:\/\/serqueux52.fr\/wp-content\/uploads\/2022\/12\/20221121_150923-1536x710.jpg 1536w, https:\/\/serqueux52.fr\/wp-content\/uploads\/2022\/12\/20221121_150923-2048x947.jpg 2048w\" sizes=\"auto, (max-width: 1024px) 100vw, 1024px\" \/><figcaption class=\"wp-element-caption\">L\u00e9on entour\u00e9 de ses amis et qui, pour l&rsquo;occasion, avait sorti le noeud papillon.<\/figcaption><\/figure>\n\n\n\n<figure class=\"wp-block-image size-large\"><img loading=\"lazy\" decoding=\"async\" width=\"1024\" height=\"768\" src=\"https:\/\/serqueux52.fr\/wp-content\/uploads\/2022\/12\/IMG_20221121_150209-3-1024x768.jpg\" alt=\"\" class=\"wp-image-1549\" srcset=\"https:\/\/serqueux52.fr\/wp-content\/uploads\/2022\/12\/IMG_20221121_150209-3-1024x768.jpg 1024w, https:\/\/serqueux52.fr\/wp-content\/uploads\/2022\/12\/IMG_20221121_150209-3-300x225.jpg 300w, https:\/\/serqueux52.fr\/wp-content\/uploads\/2022\/12\/IMG_20221121_150209-3-768x576.jpg 768w, https:\/\/serqueux52.fr\/wp-content\/uploads\/2022\/12\/IMG_20221121_150209-3-1536x1152.jpg 1536w, https:\/\/serqueux52.fr\/wp-content\/uploads\/2022\/12\/IMG_20221121_150209-3-2048x1536.jpg 2048w\" sizes=\"auto, (max-width: 1024px) 100vw, 1024px\" \/><\/figure>\n\n\n\n<p>Un bel anniversaire d&rsquo;un si\u00e8cle.<\/p>\n","protected":false},"excerpt":{"rendered":"<p>C&rsquo;est entour\u00e9 de sa famille, de ses amis, de la directrice et du personnel soignant et d&rsquo;animation, des r\u00e9sidents du service SMTI de l&rsquo;h\u00f4pital de Bourbonne-les-Bains, du maire de Serqueux et de son adjointe&#46;&#46;&#46;<\/p>\n","protected":false},"author":3,"featured_media":1547,"comment_status":"open","ping_status":"open","sticky":false,"template":"","format":"standard","meta":{"footnotes":""},"categories":[20,8,15],"tags":[],"class_list":["post-1545","post","type-post","status-publish","format-standard","has-post-thumbnail","hentry","category-actua01","category-actu","category-fetes-et-manifestations"],"publishpress_future_action":{"enabled":false,"date":"2026-05-07 05:21:52","action":"change-status","newStatus":"draft","terms":[],"taxonomy":"category","extraData":[]},"publishpress_future_workflow_manual_trigger":{"enabledWorkflows":[]},"_links":{"self":[{"href":"https:\/\/serqueux52.fr\/index.php?rest_route=\/wp\/v2\/posts\/1545","targetHints":{"allow":["GET"]}}],"collection":[{"href":"https:\/\/serqueux52.fr\/index.php?rest_route=\/wp\/v2\/posts"}],"about":[{"href":"https:\/\/serqueux52.fr\/index.php?rest_route=\/wp\/v2\/types\/post"}],"author":[{"embeddable":true,"href":"https:\/\/serqueux52.fr\/index.php?rest_route=\/wp\/v2\/users\/3"}],"replies":[{"embeddable":true,"href":"https:\/\/serqueux52.fr\/index.php?rest_route=%2Fwp%2Fv2%2Fcomments&post=1545"}],"version-history":[{"count":2,"href":"https:\/\/serqueux52.fr\/index.php?rest_route=\/wp\/v2\/posts\/1545\/revisions"}],"predecessor-version":[{"id":1550,"href":"https:\/\/serqueux52.fr\/index.php?rest_route=\/wp\/v2\/posts\/1545\/revisions\/1550"}],"wp:featuredmedia":[{"embeddable":true,"href":"https:\/\/serqueux52.fr\/index.php?rest_route=\/wp\/v2\/media\/1547"}],"wp:attachment":[{"href":"https:\/\/serqueux52.fr\/index.php?rest_route=%2Fwp%2Fv2%2Fmedia&parent=1545"}],"wp:term":[{"taxonomy":"category","embeddable":true,"href":"https:\/\/serqueux52.fr\/index.php?rest_route=%2Fwp%2Fv2%2Fcategories&post=1545"},{"taxonomy":"post_tag","embeddable":true,"href":"https:\/\/serqueux52.fr\/index.php?rest_route=%2Fwp%2Fv2%2Ftags&post=1545"}],"curies":[{"name":"wp","href":"https:\/\/api.w.org\/{rel}","templated":true}]}}