{"id":1537,"date":"2022-11-22T14:48:40","date_gmt":"2022-11-22T13:48:40","guid":{"rendered":"http:\/\/serqueux52.fr\/?p=1537"},"modified":"2022-11-22T14:48:40","modified_gmt":"2022-11-22T13:48:40","slug":"commemoration-du-11-novembre-2022","status":"publish","type":"post","link":"https:\/\/serqueux52.fr\/?p=1537","title":{"rendered":"COMMEMORATION DU 11 NOVEMBRE 2022"},"content":{"rendered":"\n<p>La comm\u00e9moration du 11 Novembre s&rsquo;est tenue aux Monuments aux Morts en pr\u00e9sence du maire, des adjoints, conseillers municipaux, sapeurs-pompiers, pr\u00e9sidents et pr\u00e9sidente des associations. Malgr\u00e9 un temps gris et maussade,  une petite foule \u00e9tait pr\u00e9sente pour honorer tous les morts tomb\u00e9s pour La France. Apr\u00e8s la c\u00e9r\u00e9monie officielle, le verre de l&rsquo;amiti\u00e9 a \u00e9t\u00e9 servi \u00e0 la salle L\u00e9on Collin.<\/p>\n\n\n\n<figure class=\"wp-block-image size-large\"><img loading=\"lazy\" decoding=\"async\" width=\"1024\" height=\"478\" src=\"https:\/\/serqueux52.fr\/wp-content\/uploads\/2022\/11\/image0000001011-1024x478.jpg\" alt=\"\" class=\"wp-image-1538\" srcset=\"https:\/\/serqueux52.fr\/wp-content\/uploads\/2022\/11\/image0000001011-1024x478.jpg 1024w, https:\/\/serqueux52.fr\/wp-content\/uploads\/2022\/11\/image0000001011-300x140.jpg 300w, https:\/\/serqueux52.fr\/wp-content\/uploads\/2022\/11\/image0000001011-768x359.jpg 768w, https:\/\/serqueux52.fr\/wp-content\/uploads\/2022\/11\/image0000001011-1536x717.jpg 1536w, https:\/\/serqueux52.fr\/wp-content\/uploads\/2022\/11\/image0000001011.jpg 2048w\" sizes=\"auto, (max-width: 1024px) 100vw, 1024px\" \/><\/figure>\n\n\n\n<figure class=\"wp-block-image size-large\"><img loading=\"lazy\" decoding=\"async\" width=\"1024\" height=\"478\" src=\"https:\/\/serqueux52.fr\/wp-content\/uploads\/2022\/11\/image0000001009-1024x478.jpg\" alt=\"\" class=\"wp-image-1539\" srcset=\"https:\/\/serqueux52.fr\/wp-content\/uploads\/2022\/11\/image0000001009-1024x478.jpg 1024w, https:\/\/serqueux52.fr\/wp-content\/uploads\/2022\/11\/image0000001009-300x140.jpg 300w, https:\/\/serqueux52.fr\/wp-content\/uploads\/2022\/11\/image0000001009-768x359.jpg 768w, https:\/\/serqueux52.fr\/wp-content\/uploads\/2022\/11\/image0000001009-1536x717.jpg 1536w, https:\/\/serqueux52.fr\/wp-content\/uploads\/2022\/11\/image0000001009.jpg 2048w\" sizes=\"auto, (max-width: 1024px) 100vw, 1024px\" \/><\/figure>\n","protected":false},"excerpt":{"rendered":"<p>La comm\u00e9moration du 11 Novembre s&rsquo;est tenue aux Monuments aux Morts en pr\u00e9sence du maire, des adjoints, conseillers municipaux, sapeurs-pompiers, pr\u00e9sidents et pr\u00e9sidente des associations. Malgr\u00e9 un temps gris et maussade, une petite foule&#46;&#46;&#46;<\/p>\n","protected":false},"author":3,"featured_media":1540,"comment_status":"open","ping_status":"open","sticky":false,"template":"","format":"standard","meta":{"footnotes":""},"categories":[20,8,15],"tags":[],"class_list":["post-1537","post","type-post","status-publish","format-standard","has-post-thumbnail","hentry","category-actua01","category-actu","category-fetes-et-manifestations"],"publishpress_future_action":{"enabled":false,"date":"2026-05-07 03:45:11","action":"change-status","newStatus":"draft","terms":[],"taxonomy":"category","extraData":[]},"publishpress_future_workflow_manual_trigger":{"enabledWorkflows":[]},"_links":{"self":[{"href":"https:\/\/serqueux52.fr\/index.php?rest_route=\/wp\/v2\/posts\/1537","targetHints":{"allow":["GET"]}}],"collection":[{"href":"https:\/\/serqueux52.fr\/index.php?rest_route=\/wp\/v2\/posts"}],"about":[{"href":"https:\/\/serqueux52.fr\/index.php?rest_route=\/wp\/v2\/types\/post"}],"author":[{"embeddable":true,"href":"https:\/\/serqueux52.fr\/index.php?rest_route=\/wp\/v2\/users\/3"}],"replies":[{"embeddable":true,"href":"https:\/\/serqueux52.fr\/index.php?rest_route=%2Fwp%2Fv2%2Fcomments&post=1537"}],"version-history":[{"count":1,"href":"https:\/\/serqueux52.fr\/index.php?rest_route=\/wp\/v2\/posts\/1537\/revisions"}],"predecessor-version":[{"id":1541,"href":"https:\/\/serqueux52.fr\/index.php?rest_route=\/wp\/v2\/posts\/1537\/revisions\/1541"}],"wp:featuredmedia":[{"embeddable":true,"href":"https:\/\/serqueux52.fr\/index.php?rest_route=\/wp\/v2\/media\/1540"}],"wp:attachment":[{"href":"https:\/\/serqueux52.fr\/index.php?rest_route=%2Fwp%2Fv2%2Fmedia&parent=1537"}],"wp:term":[{"taxonomy":"category","embeddable":true,"href":"https:\/\/serqueux52.fr\/index.php?rest_route=%2Fwp%2Fv2%2Fcategories&post=1537"},{"taxonomy":"post_tag","embeddable":true,"href":"https:\/\/serqueux52.fr\/index.php?rest_route=%2Fwp%2Fv2%2Ftags&post=1537"}],"curies":[{"name":"wp","href":"https:\/\/api.w.org\/{rel}","templated":true}]}}