{"id":1428,"date":"2022-08-12T16:35:28","date_gmt":"2022-08-12T14:35:28","guid":{"rendered":"http:\/\/serqueux52.fr\/?p=1428"},"modified":"2022-08-12T16:35:29","modified_gmt":"2022-08-12T14:35:29","slug":"arrete-prefectoral-n-52-2022-08-00077-du-12-aout-2022-place-la-zone-saone-amont-au-niveau-crise-larrete-a-pour-objet-de-faire-appliquer-les-restrictions-des-usages-de-leau-la-commune-de-se","status":"publish","type":"post","link":"https:\/\/serqueux52.fr\/?p=1428","title":{"rendered":"Arr\u00eat\u00e9 pr\u00e9fectoral n\u00b0 52-2022-08-00077 du 12 ao\u00fbt 2022 place la zone Sa\u00f4ne Amont au niveau CRISE. L&rsquo;arr\u00eat\u00e9 a pour objet de faire appliquer les restrictions des usages de l&rsquo;eau. La commune de Serqueux est concern\u00e9e."},"content":{"rendered":"\n<div class=\"wp-block-file\"><a href=\"https:\/\/serqueux52.fr\/wp-content\/uploads\/2022\/08\/AP_Secheresse_5_crise_220812.pdf\">AP_Secheresse_5_crise_220812<\/a><a href=\"https:\/\/serqueux52.fr\/wp-content\/uploads\/2022\/08\/AP_Secheresse_5_crise_220812.pdf\" class=\"wp-block-file__button\" download>T\u00e9l\u00e9charger<\/a><\/div>\n","protected":false},"excerpt":{"rendered":"","protected":false},"author":3,"featured_media":0,"comment_status":"open","ping_status":"open","sticky":false,"template":"","format":"standard","meta":{"footnotes":""},"categories":[20,8,19,18,1],"tags":[],"class_list":["post-1428","post","type-post","status-publish","format-standard","hentry","category-actua01","category-actu","category-eau-potable","category-brevesa03","category-non-classe"],"publishpress_future_action":{"enabled":false,"date":"2026-05-04 03:57:13","action":"change-status","newStatus":"draft","terms":[],"taxonomy":"category","extraData":[]},"publishpress_future_workflow_manual_trigger":{"enabledWorkflows":[]},"_links":{"self":[{"href":"https:\/\/serqueux52.fr\/index.php?rest_route=\/wp\/v2\/posts\/1428","targetHints":{"allow":["GET"]}}],"collection":[{"href":"https:\/\/serqueux52.fr\/index.php?rest_route=\/wp\/v2\/posts"}],"about":[{"href":"https:\/\/serqueux52.fr\/index.php?rest_route=\/wp\/v2\/types\/post"}],"author":[{"embeddable":true,"href":"https:\/\/serqueux52.fr\/index.php?rest_route=\/wp\/v2\/users\/3"}],"replies":[{"embeddable":true,"href":"https:\/\/serqueux52.fr\/index.php?rest_route=%2Fwp%2Fv2%2Fcomments&post=1428"}],"version-history":[{"count":1,"href":"https:\/\/serqueux52.fr\/index.php?rest_route=\/wp\/v2\/posts\/1428\/revisions"}],"predecessor-version":[{"id":1430,"href":"https:\/\/serqueux52.fr\/index.php?rest_route=\/wp\/v2\/posts\/1428\/revisions\/1430"}],"wp:attachment":[{"href":"https:\/\/serqueux52.fr\/index.php?rest_route=%2Fwp%2Fv2%2Fmedia&parent=1428"}],"wp:term":[{"taxonomy":"category","embeddable":true,"href":"https:\/\/serqueux52.fr\/index.php?rest_route=%2Fwp%2Fv2%2Fcategories&post=1428"},{"taxonomy":"post_tag","embeddable":true,"href":"https:\/\/serqueux52.fr\/index.php?rest_route=%2Fwp%2Fv2%2Ftags&post=1428"}],"curies":[{"name":"wp","href":"https:\/\/api.w.org\/{rel}","templated":true}]}}