{"id":1397,"date":"2022-07-22T16:14:21","date_gmt":"2022-07-22T14:14:21","guid":{"rendered":"http:\/\/serqueux52.fr\/?p=1397"},"modified":"2022-07-22T16:14:22","modified_gmt":"2022-07-22T14:14:22","slug":"visite-guidee-de-leglise-mardi-26-juillet-a-14-h-30","status":"publish","type":"post","link":"https:\/\/serqueux52.fr\/?p=1397","title":{"rendered":"Visite guid\u00e9e de l&rsquo;\u00e9glise mardi 26 juillet \u00e0 14 h 30"},"content":{"rendered":"\n<p>L&rsquo;Association pour le D\u00e9veloppement du Pays des 3 Provinces propose une visite guid\u00e9e le mardi 26 juillet pour faire d\u00e9couvrir l&rsquo;\u00e9glise et ses vitraux contemporains sur le th\u00e8me \u00ab\u00a0Le v\u00e9g\u00e9tal vu au microscope\u00a0\u00bb, son histoire, ses nombreuses curiosit\u00e9s. Balade\u00a0 pour admirer les bancs\u00a0de pierre class\u00e9s et le gu\u00e9-lavoir. Rendez-vous devant l&rsquo;\u00e9glise \u00e0 14 h 30. Visite sans r\u00e9servation. Participation 2 \u20ac.<\/p>\n","protected":false},"excerpt":{"rendered":"<p>L&rsquo;Association pour le D\u00e9veloppement du Pays des 3 Provinces propose une visite guid\u00e9e le mardi 26 juillet pour faire d\u00e9couvrir l&rsquo;\u00e9glise et ses vitraux contemporains sur le th\u00e8me \u00ab\u00a0Le v\u00e9g\u00e9tal vu au microscope\u00a0\u00bb, son&#46;&#46;&#46;<\/p>\n","protected":false},"author":3,"featured_media":1077,"comment_status":"open","ping_status":"open","sticky":false,"template":"","format":"standard","meta":{"footnotes":""},"categories":[20,12,18],"tags":[],"class_list":["post-1397","post","type-post","status-publish","format-standard","has-post-thumbnail","hentry","category-actua01","category-actu3","category-brevesa03"],"publishpress_future_action":{"enabled":false,"date":"2026-05-07 08:50:04","action":"change-status","newStatus":"draft","terms":[],"taxonomy":"category","extraData":[]},"publishpress_future_workflow_manual_trigger":{"enabledWorkflows":[]},"_links":{"self":[{"href":"https:\/\/serqueux52.fr\/index.php?rest_route=\/wp\/v2\/posts\/1397","targetHints":{"allow":["GET"]}}],"collection":[{"href":"https:\/\/serqueux52.fr\/index.php?rest_route=\/wp\/v2\/posts"}],"about":[{"href":"https:\/\/serqueux52.fr\/index.php?rest_route=\/wp\/v2\/types\/post"}],"author":[{"embeddable":true,"href":"https:\/\/serqueux52.fr\/index.php?rest_route=\/wp\/v2\/users\/3"}],"replies":[{"embeddable":true,"href":"https:\/\/serqueux52.fr\/index.php?rest_route=%2Fwp%2Fv2%2Fcomments&post=1397"}],"version-history":[{"count":1,"href":"https:\/\/serqueux52.fr\/index.php?rest_route=\/wp\/v2\/posts\/1397\/revisions"}],"predecessor-version":[{"id":1398,"href":"https:\/\/serqueux52.fr\/index.php?rest_route=\/wp\/v2\/posts\/1397\/revisions\/1398"}],"wp:featuredmedia":[{"embeddable":true,"href":"https:\/\/serqueux52.fr\/index.php?rest_route=\/wp\/v2\/media\/1077"}],"wp:attachment":[{"href":"https:\/\/serqueux52.fr\/index.php?rest_route=%2Fwp%2Fv2%2Fmedia&parent=1397"}],"wp:term":[{"taxonomy":"category","embeddable":true,"href":"https:\/\/serqueux52.fr\/index.php?rest_route=%2Fwp%2Fv2%2Fcategories&post=1397"},{"taxonomy":"post_tag","embeddable":true,"href":"https:\/\/serqueux52.fr\/index.php?rest_route=%2Fwp%2Fv2%2Ftags&post=1397"}],"curies":[{"name":"wp","href":"https:\/\/api.w.org\/{rel}","templated":true}]}}