{"id":116,"date":"2020-04-16T16:30:53","date_gmt":"2020-04-16T14:30:53","guid":{"rendered":"http:\/\/serqueux52.fr\/?p=116"},"modified":"2023-07-25T18:02:42","modified_gmt":"2023-07-25T16:02:42","slug":"gazette-n99","status":"publish","type":"post","link":"https:\/\/serqueux52.fr\/?p=116","title":{"rendered":"Gazette n\u00b099 d&rsquo;avril 2020"},"content":{"rendered":"\n<p>Le num\u00e9ro 99 de la Gazette de Serqueux a \u00e9t\u00e9 distribu\u00e9e dans les boites aux lettres le 16 avril 2020.<\/p>\n\n\n\n<div class=\"wp-block-file\"><a id=\"wp-block-file--media-11b363d6-9092-41d3-a4b0-0d805540c390\" href=\"https:\/\/serqueux52.fr\/wp-content\/uploads\/2020\/04\/La-Gazette-de-Serqueux-099-avril-2020.pdf\">Voir le Gazette en PDF<\/a><a href=\"https:\/\/serqueux52.fr\/wp-content\/uploads\/2020\/04\/La-Gazette-de-Serqueux-099-avril-2020.pdf\" class=\"wp-block-file__button wp-element-button\" download aria-describedby=\"wp-block-file--media-11b363d6-9092-41d3-a4b0-0d805540c390\">T\u00e9l\u00e9charger<\/a><\/div>\n\n\n<hr>\n\n\n<p class=\"encadre\"><strong>Le mot du Maire<\/strong>&nbsp;:<\/p>\n\n\n\n<p>Bonjour \u00e0 tous.<\/p>\n\n\n\n<p>Oui, c\u2019est encore moi qui r\u00e9dige cette gazette. Devant les \u00e9v\u00e8nements du Coronavirus 19, il n\u2019a pas \u00e9t\u00e9 possible de r\u00e9unir les nouveaux \u00e9lus pour proc\u00e9der \u00e0 l\u2019\u00e9lection du maire et des adjoints. Il nous a \u00e9t\u00e9 demand\u00e9 de prolonger nos fonctions jusqu\u2019\u00e0 la fin de la crise sanitaire.<\/p>\n\n\n\n<p>Il y a donc report pour\ntous les nouveaux \u00e9lus en attente de la d\u00e9cision du gouvernement de pouvoir se\nr\u00e9unir et proc\u00e9der \u00e0 la mise en place du nouveau conseil.<\/p>\n\n\n\n\n<p><strong data-rich-text-format-boundary=\"true\">Mise en ligne du \u00ab\u00a0nouveau\u00a0\u00bb site internet de la commune<\/strong> :<br><!--StartFragment--><\/p>\n\n\n<p>Bienvenue sur le site de SERQUEUX, en Haute-Marne (52).<\/p>\n\n\n\n<p>La nouvelle \u00e9quipe \u00e9lue le 15 mars est associ\u00e9e au\nfonctionnement de la commune et dans ce contexte particulier, elle relance le\nsite internet www.serqueux52.fr.<\/p>\n\n\n\n<p>Le site \u00e9tait en sommeil depuis quelques ann\u00e9es et il \u00e9tait\npr\u00e9vu de le relancer. En profitant de certaines disponibilit\u00e9s individuelles du\nfait du confinement, un nouveau projet a \u00e9t\u00e9 amorc\u00e9.<\/p>\n\n\n\n<p>Normalement, une maquette aurait d\u00fb \u00eatre construite en\nconcertation avant d&rsquo;\u00eatre affich\u00e9e en version \u00ab\u00a0publique\u00a0\u00bb. En cette\np\u00e9riode o\u00f9 les r\u00e9unions sont impossibles, il nous a sembl\u00e9 utile de le mettre\nen ligne en version \u00ab\u00a0provisoire\u00a0\u00bb. <\/p>\n\n\n<p><!--EndFragment--><\/p>\n\n\n<\/p>\n<p>Cette disposition permet ainsi de diffuser \u00ab\u00a0en temps r\u00e9el\u00a0\u00bb l&rsquo;information communale, tout en continuant la concertation et la construction.<\/p>\n<p>\n\n\n\n<\/p>\n<p>Vos commentaires et suggestions sont les bienvenus, en utilisant le <a href=\"https:\/\/serqueux52.fr\/?page_id=12\">formulaire de contact<\/a>\n\n\n<p><\/p>\n\n\n<hr>\n\n\n\n<p><\/p>\n","protected":false},"excerpt":{"rendered":"<p>La Gazette de Serqueux a \u00e9t\u00e9 distribu\u00e9e dans les boites aux lettres le 16 avril 2020<\/p>\n","protected":false},"author":1,"featured_media":118,"comment_status":"closed","ping_status":"closed","sticky":false,"template":"","format":"standard","meta":{"footnotes":""},"categories":[8,9],"tags":[],"class_list":["post-116","post","type-post","status-publish","format-standard","has-post-thumbnail","hentry","category-actu","category-gazette"],"publishpress_future_action":{"enabled":false,"date":"2026-05-05 17:24:56","action":"change-status","newStatus":"draft","terms":[],"taxonomy":"category","extraData":[]},"publishpress_future_workflow_manual_trigger":{"enabledWorkflows":[]},"_links":{"self":[{"href":"https:\/\/serqueux52.fr\/index.php?rest_route=\/wp\/v2\/posts\/116","targetHints":{"allow":["GET"]}}],"collection":[{"href":"https:\/\/serqueux52.fr\/index.php?rest_route=\/wp\/v2\/posts"}],"about":[{"href":"https:\/\/serqueux52.fr\/index.php?rest_route=\/wp\/v2\/types\/post"}],"author":[{"embeddable":true,"href":"https:\/\/serqueux52.fr\/index.php?rest_route=\/wp\/v2\/users\/1"}],"replies":[{"embeddable":true,"href":"https:\/\/serqueux52.fr\/index.php?rest_route=%2Fwp%2Fv2%2Fcomments&post=116"}],"version-history":[{"count":6,"href":"https:\/\/serqueux52.fr\/index.php?rest_route=\/wp\/v2\/posts\/116\/revisions"}],"predecessor-version":[{"id":1828,"href":"https:\/\/serqueux52.fr\/index.php?rest_route=\/wp\/v2\/posts\/116\/revisions\/1828"}],"wp:featuredmedia":[{"embeddable":true,"href":"https:\/\/serqueux52.fr\/index.php?rest_route=\/wp\/v2\/media\/118"}],"wp:attachment":[{"href":"https:\/\/serqueux52.fr\/index.php?rest_route=%2Fwp%2Fv2%2Fmedia&parent=116"}],"wp:term":[{"taxonomy":"category","embeddable":true,"href":"https:\/\/serqueux52.fr\/index.php?rest_route=%2Fwp%2Fv2%2Fcategories&post=116"},{"taxonomy":"post_tag","embeddable":true,"href":"https:\/\/serqueux52.fr\/index.php?rest_route=%2Fwp%2Fv2%2Ftags&post=116"}],"curies":[{"name":"wp","href":"https:\/\/api.w.org\/{rel}","templated":true}]}}