{"id":1035,"date":"2021-05-11T21:46:58","date_gmt":"2021-05-11T19:46:58","guid":{"rendered":"http:\/\/serqueux52.fr\/?p=1035"},"modified":"2024-09-26T11:16:21","modified_gmt":"2024-09-26T09:16:21","slug":"fleurissement-du-village","status":"publish","type":"post","link":"https:\/\/serqueux52.fr\/?p=1035","title":{"rendered":"Fleurissement du village"},"content":{"rendered":"\n<div class=\"wp-block-image\"><figure class=\"aligncenter size-large is-resized\"><img loading=\"lazy\" decoding=\"async\" src=\"https:\/\/serqueux52.fr\/wp-content\/uploads\/2021\/05\/IMG_1970-1024x768.jpg\" alt=\"\" class=\"wp-image-1037\" width=\"458\" height=\"344\" srcset=\"https:\/\/serqueux52.fr\/wp-content\/uploads\/2021\/05\/IMG_1970-1024x768.jpg 1024w, https:\/\/serqueux52.fr\/wp-content\/uploads\/2021\/05\/IMG_1970-300x225.jpg 300w, https:\/\/serqueux52.fr\/wp-content\/uploads\/2021\/05\/IMG_1970-768x576.jpg 768w, https:\/\/serqueux52.fr\/wp-content\/uploads\/2021\/05\/IMG_1970-1536x1152.jpg 1536w, https:\/\/serqueux52.fr\/wp-content\/uploads\/2021\/05\/IMG_1970-2048x1536.jpg 2048w\" sizes=\"auto, (max-width: 458px) 100vw, 458px\" \/><\/figure><\/div>\n\n\n\n<p>Lundi 10 mai au matin, Rapha\u00ebl, Christelle et Emilie se sont retrouv\u00e9s aux serres du Bouton d&rsquo;Or \u00e0 Bourbonne les Bains pour la pr\u00e9paration des jardini\u00e8res qui viendront prendre place sur l&rsquo;arbre \u00e0 l&rsquo;entr\u00e9e du village et fleurir les fen\u00eatres de la Mairie. <\/p>\n\n\n\n<div class=\"wp-block-image\"><figure class=\"aligncenter size-large is-resized\"><img loading=\"lazy\" decoding=\"async\" src=\"https:\/\/serqueux52.fr\/wp-content\/uploads\/2021\/05\/IMG_1965-1024x768.jpg\" alt=\"\" class=\"wp-image-1038\" width=\"645\" height=\"484\" srcset=\"https:\/\/serqueux52.fr\/wp-content\/uploads\/2021\/05\/IMG_1965-1024x768.jpg 1024w, https:\/\/serqueux52.fr\/wp-content\/uploads\/2021\/05\/IMG_1965-300x225.jpg 300w, https:\/\/serqueux52.fr\/wp-content\/uploads\/2021\/05\/IMG_1965-768x576.jpg 768w, https:\/\/serqueux52.fr\/wp-content\/uploads\/2021\/05\/IMG_1965-1536x1152.jpg 1536w, https:\/\/serqueux52.fr\/wp-content\/uploads\/2021\/05\/IMG_1965-2048x1536.jpg 2048w\" sizes=\"auto, (max-width: 645px) 100vw, 645px\" \/><\/figure><\/div>\n","protected":false},"excerpt":{"rendered":"<p>Lundi 10 mai au matin, Rapha\u00ebl, Christelle et Emilie se sont retrouv\u00e9s aux serres du Bouton d&rsquo;Or \u00e0 Bourbonne les Bains pour la pr\u00e9paration des jardini\u00e8res qui viendront prendre place sur l&rsquo;arbre \u00e0 l&rsquo;entr\u00e9e&#46;&#46;&#46;<\/p>\n","protected":false},"author":3,"featured_media":1036,"comment_status":"closed","ping_status":"closed","sticky":false,"template":"","format":"standard","meta":{"footnotes":""},"categories":[17,18],"tags":[],"class_list":["post-1035","post","type-post","status-publish","format-standard","has-post-thumbnail","hentry","category-actua02","category-brevesa03"],"publishpress_future_action":{"enabled":false,"date":"2026-05-04 15:21:31","action":"change-status","newStatus":"draft","terms":[],"taxonomy":"category","extraData":[]},"publishpress_future_workflow_manual_trigger":{"enabledWorkflows":[]},"_links":{"self":[{"href":"https:\/\/serqueux52.fr\/index.php?rest_route=\/wp\/v2\/posts\/1035","targetHints":{"allow":["GET"]}}],"collection":[{"href":"https:\/\/serqueux52.fr\/index.php?rest_route=\/wp\/v2\/posts"}],"about":[{"href":"https:\/\/serqueux52.fr\/index.php?rest_route=\/wp\/v2\/types\/post"}],"author":[{"embeddable":true,"href":"https:\/\/serqueux52.fr\/index.php?rest_route=\/wp\/v2\/users\/3"}],"replies":[{"embeddable":true,"href":"https:\/\/serqueux52.fr\/index.php?rest_route=%2Fwp%2Fv2%2Fcomments&post=1035"}],"version-history":[{"count":1,"href":"https:\/\/serqueux52.fr\/index.php?rest_route=\/wp\/v2\/posts\/1035\/revisions"}],"predecessor-version":[{"id":1039,"href":"https:\/\/serqueux52.fr\/index.php?rest_route=\/wp\/v2\/posts\/1035\/revisions\/1039"}],"wp:featuredmedia":[{"embeddable":true,"href":"https:\/\/serqueux52.fr\/index.php?rest_route=\/wp\/v2\/media\/1036"}],"wp:attachment":[{"href":"https:\/\/serqueux52.fr\/index.php?rest_route=%2Fwp%2Fv2%2Fmedia&parent=1035"}],"wp:term":[{"taxonomy":"category","embeddable":true,"href":"https:\/\/serqueux52.fr\/index.php?rest_route=%2Fwp%2Fv2%2Fcategories&post=1035"},{"taxonomy":"post_tag","embeddable":true,"href":"https:\/\/serqueux52.fr\/index.php?rest_route=%2Fwp%2Fv2%2Ftags&post=1035"}],"curies":[{"name":"wp","href":"https:\/\/api.w.org\/{rel}","templated":true}]}}